{"id":3389,"date":"2023-05-24T15:13:51","date_gmt":"2023-05-24T15:13:51","guid":{"rendered":"https:\/\/www.24-7.fr\/blog\/?p=3389"},"modified":"2024-07-09T08:27:29","modified_gmt":"2024-07-09T08:27:29","slug":"liberez-votre-identite-graphique-harmonisez-votre-image-et-inspirez-confiance","status":"publish","type":"post","link":"https:\/\/www.24-7.fr\/blog\/liberez-votre-identite-graphique-harmonisez-votre-image-et-inspirez-confiance\/","title":{"rendered":"Lib\u00e9rez votre identit\u00e9 graphique : Harmonisez votre image et inspirez confiance !"},"content":{"rendered":"<p>[et_pb_section fb_built=\u00a0\u00bb1&Prime; custom_padding_last_edited=\u00a0\u00bbon|phone\u00a0\u00bb _builder_version=\u00a0\u00bb4.24.2&Prime; _module_preset=\u00a0\u00bbdefault\u00a0\u00bb background_color=\u00a0\u00bbRGBA(255,255,255,0)\u00a0\u00bb custom_padding=\u00a0\u00bb0px||||false|false\u00a0\u00bb custom_padding_tablet=\u00a0\u00bb\u00a0\u00bb custom_padding_phone=\u00a0\u00bb||0px||false|false\u00a0\u00bb global_colors_info=\u00a0\u00bb{}\u00a0\u00bb][et_pb_row admin_label=\u00a0\u00bbLigne\u00a0\u00bb _builder_version=\u00a0\u00bb4.20.4&Prime; _module_preset=\u00a0\u00bbdefault\u00a0\u00bb width=\u00a0\u00bb100%\u00a0\u00bb width_tablet=\u00a0\u00bb100%\u00a0\u00bb width_phone=\u00a0\u00bb100%\u00a0\u00bb width_last_edited=\u00a0\u00bbon|phone\u00a0\u00bb max_width=\u00a0\u00bb100%\u00a0\u00bb max_width_tablet=\u00a0\u00bb100%\u00a0\u00bb max_width_phone=\u00a0\u00bb100%\u00a0\u00bb max_width_last_edited=\u00a0\u00bbon|tablet\u00a0\u00bb custom_padding=\u00a0\u00bb0px||||false|false\u00a0\u00bb custom_css_main_element=\u00a0\u00bbwidth:100%!important\u00a0\u00bb global_colors_info=\u00a0\u00bb{}\u00a0\u00bb][et_pb_column type=\u00a0\u00bb4_4&Prime; _builder_version=\u00a0\u00bb4.18.0&Prime; _module_preset=\u00a0\u00bbdefault\u00a0\u00bb global_colors_info=\u00a0\u00bb{}\u00a0\u00bb][et_pb_text admin_label=\u00a0\u00bbChapeau\u00a0\u00bb _builder_version=\u00a0\u00bb4.21.0&Prime; text_text_color=\u00a0\u00bb#0069B3&Prime; background_color=\u00a0\u00bb#FFFFFF\u00a0\u00bb background_layout=\u00a0\u00bbdark\u00a0\u00bb custom_margin=\u00a0\u00bb||50px|\u00a0\u00bb custom_padding=\u00a0\u00bb20px|20px|20px|20px\u00a0\u00bb border_radii=\u00a0\u00bbon|4px|4px|4px|4px\u00a0\u00bb border_width_all=\u00a0\u00bb3px\u00a0\u00bb border_color_all=\u00a0\u00bb#0069B3&Prime; saved_tabs=\u00a0\u00bball\u00a0\u00bb global_colors_info=\u00a0\u00bb{}\u00a0\u00bb]<\/p>\n<p>Si vos collaborateurs manipulent le logo et les couleurs de votre entreprise \u00e0 leur guise, il est grand temps de remettre de l&rsquo;ordre dans votre communication. Des signatures de courriels aux brochures commerciales, en passant par les publications sur les r\u00e9seaux sociaux, cette situation courante peut donner l&rsquo;impression que vos supports proviennent de diff\u00e9rentes entreprises. En r\u00e9organisant votre identit\u00e9 visuelle, vous renforcerez l&rsquo;image de votre entreprise, cr\u00e9ant ainsi un climat de confiance.<\/p>\n<p>[\/et_pb_text][\/et_pb_column][\/et_pb_row][et_pb_row _builder_version=\u00a0\u00bb4.20.4&Prime; _module_preset=\u00a0\u00bbdefault\u00a0\u00bb width=\u00a0\u00bb100%\u00a0\u00bb width_tablet=\u00a0\u00bb100%\u00a0\u00bb width_phone=\u00a0\u00bb100%\u00a0\u00bb width_last_edited=\u00a0\u00bbon|phone\u00a0\u00bb max_width_tablet=\u00a0\u00bb100%\u00a0\u00bb max_width_phone=\u00a0\u00bb100%\u00a0\u00bb max_width_last_edited=\u00a0\u00bbon|tablet\u00a0\u00bb custom_padding=\u00a0\u00bb0px||||false|false\u00a0\u00bb custom_css_main_element=\u00a0\u00bbwidth:100%!important\u00a0\u00bb global_colors_info=\u00a0\u00bb{}\u00a0\u00bb width__hover_enabled=\u00a0\u00bboff|desktop\u00a0\u00bb][et_pb_column type=\u00a0\u00bb4_4&Prime; _builder_version=\u00a0\u00bb4.18.0&Prime; _module_preset=\u00a0\u00bbdefault\u00a0\u00bb global_colors_info=\u00a0\u00bb{}\u00a0\u00bb][et_pb_text _builder_version=\u00a0\u00bb4.25.1&Prime; _module_preset=\u00a0\u00bbdefault\u00a0\u00bb header_2_text_color=\u00a0\u00bb#0069B3&Prime; global_colors_info=\u00a0\u00bb{}\u00a0\u00bb]<\/p>\n<h2>Unifiez votre identit\u00e9 : Mettez de l&rsquo;ordre dans votre communication !<\/h2>\n<p>[\/et_pb_text][\/et_pb_column][\/et_pb_row][et_pb_row custom_padding_last_edited=\u00a0\u00bbon|phone\u00a0\u00bb _builder_version=\u00a0\u00bb4.20.4&Prime; _module_preset=\u00a0\u00bbdefault\u00a0\u00bb width=\u00a0\u00bb100%\u00a0\u00bb width_tablet=\u00a0\u00bb100%\u00a0\u00bb width_phone=\u00a0\u00bb100%\u00a0\u00bb width_last_edited=\u00a0\u00bbon|phone\u00a0\u00bb max_width_tablet=\u00a0\u00bb100%\u00a0\u00bb max_width_phone=\u00a0\u00bb100%\u00a0\u00bb max_width_last_edited=\u00a0\u00bbon|phone\u00a0\u00bb custom_padding=\u00a0\u00bb0px||0px||false|false\u00a0\u00bb custom_padding_tablet=\u00a0\u00bb0px||0px||false|false\u00a0\u00bb custom_padding_phone=\u00a0\u00bb0px||||false|false\u00a0\u00bb custom_css_main_element=\u00a0\u00bbwidth:100%!important\u00a0\u00bb global_colors_info=\u00a0\u00bb{}\u00a0\u00bb][et_pb_column type=\u00a0\u00bb4_4&Prime; _builder_version=\u00a0\u00bb4.20.4&Prime; _module_preset=\u00a0\u00bbdefault\u00a0\u00bb global_colors_info=\u00a0\u00bb{}\u00a0\u00bb][et_pb_text _builder_version=\u00a0\u00bb4.25.1&Prime; _module_preset=\u00a0\u00bbdefault\u00a0\u00bb custom_padding=\u00a0\u00bb||0px|||\u00a0\u00bb global_colors_info=\u00a0\u00bb{}\u00a0\u00bb]<\/p>\n<p>Si dans votre soci\u00e9t\u00e9, chacun d\u00e9cline le logo et les couleurs de l\u2019<a href=\"https:\/\/www.24-7.fr\/expertises\/design-graphique\/identite-visuelle\/\">identit\u00e9 graphique<\/a> \u00e0 sa sauce, un conseil : faites le m\u00e9nage ! C\u2019est une situation courante.<\/p>\n<p>Aujourd\u2019hui, rien n\u2019emp\u00eache vos collaborateurs ou prestataires de \u00ab bricoler \u00bb vos <a href=\"https:\/\/www.24-7.fr\/expertises\/design-graphique\/supports-papier\/\">supports de communication<\/a> dans leur coin. Signatures de mail, pr\u00e9sentations PowerPoint, cartes de visite, publications sur les r\u00e9seaux sociaux, brochures commerciales\u2026<\/p>\n<p>Chacun y va de sa touche personnelle, modifie le logo, change les polices de caract\u00e8res, modifie une couleur d\u2019accompagnement&#8230;<\/p>\n<p>Les prestataires ext\u00e9rieurs cr\u00e9ent de nouveaux \u00e9l\u00e9ments graphiques, par exemple pour le site web ou le flocage des v\u00e9hicules.<\/p>\n<p>Parfois, une soci\u00e9t\u00e9 finit par produire des supports si dissemblables qu\u2019ils semblent venir d\u2019entreprises diff\u00e9rentes ! Situation qui ne peut pas durer \u00e9ternellement, notamment pour :<\/p>\n<p>[\/et_pb_text][et_pb_blurb use_icon=\u00a0\u00bbon\u00a0\u00bb font_icon=\u00a0\u00bb&#x24;||divi||400&Prime; icon_placement=\u00a0\u00bbleft\u00a0\u00bb content_max_width=\u00a0\u00bb1100px\u00a0\u00bb _builder_version=\u00a0\u00bb4.25.1&Prime; _module_preset=\u00a0\u00bbdefault\u00a0\u00bb global_colors_info=\u00a0\u00bb{}\u00a0\u00bb]<\/p>\n<p>les start-up qui pr\u00e9parent une lev\u00e9e de fonds : il faut tout mettre au carr\u00e9 pour \u00eatre cr\u00e9dible vis-\u00e0-vis des capitaux risqueurs<\/p>\n<p>[\/et_pb_blurb][et_pb_blurb use_icon=\u00a0\u00bbon\u00a0\u00bb font_icon=\u00a0\u00bb&#x24;||divi||400&Prime; icon_placement=\u00a0\u00bbleft\u00a0\u00bb content_max_width=\u00a0\u00bb1100px\u00a0\u00bb _builder_version=\u00a0\u00bb4.25.1&Prime; _module_preset=\u00a0\u00bbdefault\u00a0\u00bb global_colors_info=\u00a0\u00bb{}\u00a0\u00bb]<\/p>\n<p>les soci\u00e9t\u00e9s h\u00e9riti\u00e8res d\u2019une longue histoire, qui veulent moderniser leur image, mais sans renier leur pass\u00e9<\/p>\n<p>[\/et_pb_blurb][et_pb_blurb use_icon=\u00a0\u00bbon\u00a0\u00bb font_icon=\u00a0\u00bb&#x24;||divi||400&Prime; icon_placement=\u00a0\u00bbleft\u00a0\u00bb content_max_width=\u00a0\u00bb1100px\u00a0\u00bb _builder_version=\u00a0\u00bb4.21.0&Prime; _module_preset=\u00a0\u00bbdefault\u00a0\u00bb global_colors_info=\u00a0\u00bb{}\u00a0\u00bb]<\/p>\n<p>les soci\u00e9t\u00e9s qui en rach\u00e8tent d\u2019autres et doivent fusionner plusieurs identit\u00e9s et marques.<\/p>\n<p>[\/et_pb_blurb][et_pb_text _builder_version=\u00a0\u00bb4.25.1&Prime; _module_preset=\u00a0\u00bbdefault\u00a0\u00bb global_colors_info=\u00a0\u00bb{}\u00a0\u00bb]<\/p>\n<p>Il faut donc harmoniser l\u2019identit\u00e9 visuelle en la d\u00e9finissant au sein d\u2019une <a href=\"https:\/\/www.24-7.fr\/expertises\/design-graphique\/creation-de-logo-grenoble-isere\/\">charte graphique<\/a>.<\/p>\n<p>Ce document de quelques pages d\u00e9finit les variantes du <a href=\"https:\/\/www.24-7.fr\/expertises\/design-graphique\/creation-de-logo-grenoble-isere\/\">logo<\/a>, les \u00e9l\u00e9ments graphiques r\u00e9currents, les polices, les couleurs\u2026 qui repr\u00e9sentent l\u2019image de l\u2019entreprise<\/p>\n<p>Encore faut-il que cette charte ne reste pas dans un tiroir\u2026<\/p>\n<p>[\/et_pb_text][\/et_pb_column][\/et_pb_row][et_pb_row custom_padding_last_edited=\u00a0\u00bbon|phone\u00a0\u00bb admin_label=\u00a0\u00bbLigne\u00a0\u00bb _builder_version=\u00a0\u00bb4.24.2&Prime; _module_preset=\u00a0\u00bbdefault\u00a0\u00bb width=\u00a0\u00bb100%\u00a0\u00bb width_tablet=\u00a0\u00bb100%\u00a0\u00bb width_phone=\u00a0\u00bb100%\u00a0\u00bb width_last_edited=\u00a0\u00bbon|phone\u00a0\u00bb max_width_tablet=\u00a0\u00bb100%\u00a0\u00bb max_width_phone=\u00a0\u00bb100%\u00a0\u00bb max_width_last_edited=\u00a0\u00bbon|tablet\u00a0\u00bb custom_padding=\u00a0\u00bb||||false|false\u00a0\u00bb custom_padding_tablet=\u00a0\u00bb\u00a0\u00bb custom_padding_phone=\u00a0\u00bb0px||||false|false\u00a0\u00bb custom_css_main_element=\u00a0\u00bbwidth:100%!important\u00a0\u00bb global_colors_info=\u00a0\u00bb{}\u00a0\u00bb][et_pb_column type=\u00a0\u00bb4_4&Prime; _builder_version=\u00a0\u00bb4.18.0&Prime; _module_preset=\u00a0\u00bbdefault\u00a0\u00bb global_colors_info=\u00a0\u00bb{}\u00a0\u00bb][et_pb_text _builder_version=\u00a0\u00bb4.25.1&Prime; _module_preset=\u00a0\u00bbdefault\u00a0\u00bb header_2_text_color=\u00a0\u00bb#0069B3&Prime; global_colors_info=\u00a0\u00bb{}\u00a0\u00bb]<\/p>\n<h2>Harmonisez votre image : des \u00e9l\u00e9ments graphiques pr\u00eats \u00e0 l&#8217;emploi pour une identit\u00e9 visuelle professionnelle !<\/h2>\n<p>[\/et_pb_text][\/et_pb_column][\/et_pb_row][et_pb_row _builder_version=\u00a0\u00bb4.21.0&Prime; _module_preset=\u00a0\u00bbdefault\u00a0\u00bb width=\u00a0\u00bb100%\u00a0\u00bb width_tablet=\u00a0\u00bb100%\u00a0\u00bb width_phone=\u00a0\u00bb100%\u00a0\u00bb width_last_edited=\u00a0\u00bbon|phone\u00a0\u00bb max_width_tablet=\u00a0\u00bb100%\u00a0\u00bb max_width_phone=\u00a0\u00bb100%\u00a0\u00bb max_width_last_edited=\u00a0\u00bbon|tablet\u00a0\u00bb custom_padding=\u00a0\u00bb0px||||false|false\u00a0\u00bb custom_css_main_element=\u00a0\u00bbwidth:100%!important\u00a0\u00bb global_colors_info=\u00a0\u00bb{}\u00a0\u00bb width__hover_enabled=\u00a0\u00bboff|desktop\u00a0\u00bb][et_pb_column type=\u00a0\u00bb4_4&Prime; _builder_version=\u00a0\u00bb4.18.0&Prime; _module_preset=\u00a0\u00bbdefault\u00a0\u00bb global_colors_info=\u00a0\u00bb{}\u00a0\u00bb][et_pb_text _builder_version=\u00a0\u00bb4.25.1&Prime; _module_preset=\u00a0\u00bbdefault\u00a0\u00bb global_colors_info=\u00a0\u00bb{}\u00a0\u00bb]<\/p>\n<p>La solution ? Mettre \u00e0 disposition sur un outil en ligne comme Canva des \u00e9l\u00e9ments graphiques harmonis\u00e9s et pr\u00eats \u00e0 l\u2019emploi.<\/p>\n<p>Logo, couleurs, pictogrammes, mod\u00e8les de newsletters ou de \u00ab posts \u00bb, polices de caract\u00e8res, invitations clients, banni\u00e8res\u2026 Tout y est.<\/p>\n<p>En amont, une graphiste travaille avec l\u2019entreprise sur ces \u00e9l\u00e9ments :<\/p>\n<p>[\/et_pb_text][et_pb_blurb use_icon=\u00a0\u00bbon\u00a0\u00bb font_icon=\u00a0\u00bb&#x24;||divi||400&Prime; icon_placement=\u00a0\u00bbleft\u00a0\u00bb content_max_width=\u00a0\u00bb1100px\u00a0\u00bb _builder_version=\u00a0\u00bb4.21.0&Prime; _module_preset=\u00a0\u00bbdefault\u00a0\u00bb global_colors_info=\u00a0\u00bb{}\u00a0\u00bb]<\/p>\n<p><span>un logo qui se d\u00e9cline \u00e0 toutes les tailles et sur tous les supports, de la carte de visite \u00e0 la fa\u00e7ade de b\u00e2timent<\/span><\/p>\n<p>[\/et_pb_blurb][et_pb_blurb use_icon=\u00a0\u00bbon\u00a0\u00bb font_icon=\u00a0\u00bb&#x24;||divi||400&Prime; icon_placement=\u00a0\u00bbleft\u00a0\u00bb content_max_width=\u00a0\u00bb1100px\u00a0\u00bb _builder_version=\u00a0\u00bb4.21.0&Prime; _module_preset=\u00a0\u00bbdefault\u00a0\u00bb global_colors_info=\u00a0\u00bb{}\u00a0\u00bb]<\/p>\n<p><span>une cohabitation harmonieuse entre ce logo et les marques de la soci\u00e9t\u00e9\u00a0<\/span><\/p>\n<p>[\/et_pb_blurb][et_pb_blurb use_icon=\u00a0\u00bbon\u00a0\u00bb font_icon=\u00a0\u00bb&#x24;||divi||400&Prime; icon_placement=\u00a0\u00bbleft\u00a0\u00bb content_max_width=\u00a0\u00bb1100px\u00a0\u00bb _builder_version=\u00a0\u00bb4.21.0&Prime; _module_preset=\u00a0\u00bbdefault\u00a0\u00bb global_colors_info=\u00a0\u00bb{}\u00a0\u00bb]<\/p>\n<p><span>des couleurs bien r\u00e9pertori\u00e9es et en nombre limit\u00e9<\/span><\/p>\n<p>[\/et_pb_blurb][et_pb_blurb use_icon=\u00a0\u00bbon\u00a0\u00bb font_icon=\u00a0\u00bb&#x24;||divi||400&Prime; icon_placement=\u00a0\u00bbleft\u00a0\u00bb content_max_width=\u00a0\u00bb1100px\u00a0\u00bb _builder_version=\u00a0\u00bb4.25.1&Prime; _module_preset=\u00a0\u00bbdefault\u00a0\u00bb global_colors_info=\u00a0\u00bb{}\u00a0\u00bb]<\/p>\n<p>une ou deux polices de caract\u00e8re<\/p>\n<p>[\/et_pb_blurb][et_pb_blurb use_icon=\u00a0\u00bbon\u00a0\u00bb font_icon=\u00a0\u00bb&#x24;||divi||400&Prime; icon_placement=\u00a0\u00bbleft\u00a0\u00bb content_max_width=\u00a0\u00bb1100px\u00a0\u00bb _builder_version=\u00a0\u00bb4.25.1&Prime; _module_preset=\u00a0\u00bbdefault\u00a0\u00bb global_colors_info=\u00a0\u00bb{}\u00a0\u00bb]<\/p>\n<p>une police bureautique pour les mails, afin que les messages \u00e9labor\u00e9s avec soin n\u2019arrivent pas d\u00e9figur\u00e9s chez le destinataire parce qu\u2019il n\u2019a pas cette police<\/p>\n<p>[\/et_pb_blurb][et_pb_blurb use_icon=\u00a0\u00bbon\u00a0\u00bb font_icon=\u00a0\u00bb&#x24;||divi||400&Prime; icon_placement=\u00a0\u00bbleft\u00a0\u00bb content_max_width=\u00a0\u00bb1100px\u00a0\u00bb _builder_version=\u00a0\u00bb4.25.1&Prime; _module_preset=\u00a0\u00bbdefault\u00a0\u00bb global_colors_info=\u00a0\u00bb{}\u00a0\u00bb]<\/p>\n<p>des choix clairs sur ce qui s\u2019\u00e9crit en majuscules ou en minuscules<\/p>\n<p>[\/et_pb_blurb][et_pb_text _builder_version=\u00a0\u00bb4.25.1&Prime; _module_preset=\u00a0\u00bbdefault\u00a0\u00bb global_colors_info=\u00a0\u00bb{}\u00a0\u00bb]<\/p>\n<p>R\u00e9organiser son <a href=\"https:\/\/www.24-7.fr\/expertises\/design-graphique\/identite-visuelle\/\">identit\u00e9 visuelle<\/a>, c\u2019est (re)donner l\u2019image de professionnalisme et de coh\u00e9rence qui cr\u00e9e la confiance.<\/p>\n<p>Un peu comme si vous arriviez \u00e0 vos rendez-vous dans une tenue pro et classe, au lieu d\u2019\u00eatre habill\u00e9 comme l\u2019as de pique.<\/p>\n<p>[\/et_pb_text][et_pb_text _builder_version=\u00a0\u00bb4.25.1&Prime; _module_preset=\u00a0\u00bbdefault\u00a0\u00bb global_colors_info=\u00a0\u00bb{}\u00a0\u00bb]<\/p>\n<p>L&rsquo;harmonisation de votre identit\u00e9 visuelle est essentielle pour transmettre une image professionnelle et coh\u00e9rente de votre entreprise. En mettant de l&rsquo;ordre dans votre communication, en d\u00e9finissant une charte graphique claire et en utilisant des outils en ligne comme Canva pour faciliter l&rsquo;acc\u00e8s \u00e0 des \u00e9l\u00e9ments graphiques harmonis\u00e9s, vous renforcerez votre cr\u00e9dibilit\u00e9 et cr\u00e9erez un lien de confiance avec vos partenaires, investisseurs et clients. Ne sous-estimez pas l&rsquo;impact d&rsquo;une identit\u00e9 visuelle solide qui refl\u00e8te votre professionnalisme et votre engagement envers la qualit\u00e9. Il est temps de faire le m\u00e9nage et d&rsquo;adopter une approche coh\u00e9rente pour pr\u00e9senter votre entreprise sous son meilleur jour. <a href=\"https:\/\/www.24-7.fr\/contact\/\" target=\"_blank\" rel=\"noopener\">Faites appel \u00e0 notre graphiste<\/a> pour harmoniser vos supports de communication !<\/p>\n<p>&nbsp;<\/p>\n<p>[\/et_pb_text][\/et_pb_column][\/et_pb_row][\/et_pb_section]<\/p>\n","protected":false},"excerpt":{"rendered":"<p>Votre entreprise est-elle victime de la libre interpr\u00e9tation de son identit\u00e9 graphique ?  Si chacun se permet de manipuler le logo et les couleurs \u00e0 sa guise, il est grand temps de remettre de l&rsquo;ordre dans votre communication.<\/p>\n","protected":false},"author":12,"featured_media":3404,"comment_status":"open","ping_status":"closed","sticky":false,"template":"","format":"standard","meta":{"_acf_changed":false,"_et_pb_use_builder":"on","_et_pb_old_content":"","_et_gb_content_width":"","footnotes":""},"categories":[45,25,1],"tags":[],"class_list":["post-3389","post","type-post","status-publish","format-standard","has-post-thumbnail","hentry","category-communication-strategie","category-creation-graphique","category-non-classifiee"],"acf":[],"yoast_head":"<!-- This site is optimized with the Yoast SEO plugin v27.3 - https:\/\/yoast.com\/product\/yoast-seo-wordpress\/ -->\n<title>Lib\u00e9rez votre identit\u00e9 graphique - Casse-cro\u00fbte digital<\/title>\n<meta name=\"description\" content=\"24-7, l&#039;agence web \u00e0 Grenoble, vous explique dans cet article comment lib\u00e9rez votre identit\u00e9 graphique et inspirez confiance.\" \/>\n<meta name=\"robots\" content=\"index, follow, max-snippet:-1, max-image-preview:large, max-video-preview:-1\" \/>\n<link rel=\"canonical\" href=\"https:\/\/www.24-7.fr\/blog\/liberez-votre-identite-graphique-harmonisez-votre-image-et-inspirez-confiance\/\" \/>\n<meta property=\"og:locale\" content=\"fr_FR\" \/>\n<meta property=\"og:type\" content=\"article\" \/>\n<meta property=\"og:title\" content=\"Lib\u00e9rez votre identit\u00e9 graphique - Casse-cro\u00fbte digital\" \/>\n<meta property=\"og:description\" content=\"24-7, l&#039;agence web \u00e0 Grenoble, vous explique dans cet article comment lib\u00e9rez votre identit\u00e9 graphique et inspirez confiance.\" \/>\n<meta property=\"og:url\" content=\"https:\/\/www.24-7.fr\/blog\/liberez-votre-identite-graphique-harmonisez-votre-image-et-inspirez-confiance\/\" \/>\n<meta property=\"og:site_name\" content=\"Casse-cro\u00fbte digital\" \/>\n<meta property=\"article:publisher\" content=\"https:\/\/www.facebook.com\/AgenceWeb247\/\" \/>\n<meta property=\"article:published_time\" content=\"2023-05-24T15:13:51+00:00\" \/>\n<meta property=\"article:modified_time\" content=\"2024-07-09T08:27:29+00:00\" \/>\n<meta property=\"og:image\" content=\"https:\/\/www.24-7.fr\/blog\/wp-content\/uploads\/2023\/05\/echanson-identite-visuelle.png\" \/>\n\t<meta property=\"og:image:width\" content=\"1025\" \/>\n\t<meta property=\"og:image:height\" content=\"605\" \/>\n\t<meta property=\"og:image:type\" content=\"image\/png\" \/>\n<meta name=\"author\" content=\"Isalyne Nivon\" \/>\n<meta name=\"twitter:card\" content=\"summary_large_image\" \/>\n<meta name=\"twitter:label1\" content=\"\u00c9crit par\" \/>\n\t<meta name=\"twitter:data1\" content=\"Isalyne Nivon\" \/>\n\t<meta name=\"twitter:label2\" content=\"Dur\u00e9e de lecture estim\u00e9e\" \/>\n\t<meta name=\"twitter:data2\" content=\"4 minutes\" \/>\n<script type=\"application\/ld+json\" class=\"yoast-schema-graph\">{\"@context\":\"https:\\\/\\\/schema.org\",\"@graph\":[{\"@type\":\"Article\",\"@id\":\"https:\\\/\\\/www.24-7.fr\\\/blog\\\/liberez-votre-identite-graphique-harmonisez-votre-image-et-inspirez-confiance\\\/#article\",\"isPartOf\":{\"@id\":\"https:\\\/\\\/www.24-7.fr\\\/blog\\\/liberez-votre-identite-graphique-harmonisez-votre-image-et-inspirez-confiance\\\/\"},\"author\":{\"name\":\"Isalyne Nivon\",\"@id\":\"https:\\\/\\\/www.24-7.fr\\\/blog\\\/#\\\/schema\\\/person\\\/9439884ad676b6dd8af98225c2447074\"},\"headline\":\"Lib\u00e9rez votre identit\u00e9 graphique : Harmonisez votre image et inspirez confiance !\",\"datePublished\":\"2023-05-24T15:13:51+00:00\",\"dateModified\":\"2024-07-09T08:27:29+00:00\",\"mainEntityOfPage\":{\"@id\":\"https:\\\/\\\/www.24-7.fr\\\/blog\\\/liberez-votre-identite-graphique-harmonisez-votre-image-et-inspirez-confiance\\\/\"},\"wordCount\":1515,\"commentCount\":0,\"publisher\":{\"@id\":\"https:\\\/\\\/www.24-7.fr\\\/blog\\\/#organization\"},\"image\":{\"@id\":\"https:\\\/\\\/www.24-7.fr\\\/blog\\\/liberez-votre-identite-graphique-harmonisez-votre-image-et-inspirez-confiance\\\/#primaryimage\"},\"thumbnailUrl\":\"https:\\\/\\\/www.24-7.fr\\\/blog\\\/wp-content\\\/uploads\\\/2023\\\/05\\\/echanson-identite-visuelle.png\",\"articleSection\":[\"Communication \\\/ strat\u00e9gie\",\"Graphisme\",\"Non classifi\u00e9(e)\"],\"inLanguage\":\"fr-FR\",\"potentialAction\":[{\"@type\":\"CommentAction\",\"name\":\"Comment\",\"target\":[\"https:\\\/\\\/www.24-7.fr\\\/blog\\\/liberez-votre-identite-graphique-harmonisez-votre-image-et-inspirez-confiance\\\/#respond\"]}]},{\"@type\":\"WebPage\",\"@id\":\"https:\\\/\\\/www.24-7.fr\\\/blog\\\/liberez-votre-identite-graphique-harmonisez-votre-image-et-inspirez-confiance\\\/\",\"url\":\"https:\\\/\\\/www.24-7.fr\\\/blog\\\/liberez-votre-identite-graphique-harmonisez-votre-image-et-inspirez-confiance\\\/\",\"name\":\"Lib\u00e9rez votre identit\u00e9 graphique - Casse-cro\u00fbte digital\",\"isPartOf\":{\"@id\":\"https:\\\/\\\/www.24-7.fr\\\/blog\\\/#website\"},\"primaryImageOfPage\":{\"@id\":\"https:\\\/\\\/www.24-7.fr\\\/blog\\\/liberez-votre-identite-graphique-harmonisez-votre-image-et-inspirez-confiance\\\/#primaryimage\"},\"image\":{\"@id\":\"https:\\\/\\\/www.24-7.fr\\\/blog\\\/liberez-votre-identite-graphique-harmonisez-votre-image-et-inspirez-confiance\\\/#primaryimage\"},\"thumbnailUrl\":\"https:\\\/\\\/www.24-7.fr\\\/blog\\\/wp-content\\\/uploads\\\/2023\\\/05\\\/echanson-identite-visuelle.png\",\"datePublished\":\"2023-05-24T15:13:51+00:00\",\"dateModified\":\"2024-07-09T08:27:29+00:00\",\"description\":\"24-7, l'agence web \u00e0 Grenoble, vous explique dans cet article comment lib\u00e9rez votre identit\u00e9 graphique et inspirez confiance.\",\"breadcrumb\":{\"@id\":\"https:\\\/\\\/www.24-7.fr\\\/blog\\\/liberez-votre-identite-graphique-harmonisez-votre-image-et-inspirez-confiance\\\/#breadcrumb\"},\"inLanguage\":\"fr-FR\",\"potentialAction\":[{\"@type\":\"ReadAction\",\"target\":[\"https:\\\/\\\/www.24-7.fr\\\/blog\\\/liberez-votre-identite-graphique-harmonisez-votre-image-et-inspirez-confiance\\\/\"]}]},{\"@type\":\"ImageObject\",\"inLanguage\":\"fr-FR\",\"@id\":\"https:\\\/\\\/www.24-7.fr\\\/blog\\\/liberez-votre-identite-graphique-harmonisez-votre-image-et-inspirez-confiance\\\/#primaryimage\",\"url\":\"https:\\\/\\\/www.24-7.fr\\\/blog\\\/wp-content\\\/uploads\\\/2023\\\/05\\\/echanson-identite-visuelle.png\",\"contentUrl\":\"https:\\\/\\\/www.24-7.fr\\\/blog\\\/wp-content\\\/uploads\\\/2023\\\/05\\\/echanson-identite-visuelle.png\",\"width\":1025,\"height\":605,\"caption\":\"L'\u00e9chanson identit\u00e9 visuelle\"},{\"@type\":\"BreadcrumbList\",\"@id\":\"https:\\\/\\\/www.24-7.fr\\\/blog\\\/liberez-votre-identite-graphique-harmonisez-votre-image-et-inspirez-confiance\\\/#breadcrumb\",\"itemListElement\":[{\"@type\":\"ListItem\",\"position\":1,\"name\":\"Accueil\",\"item\":\"https:\\\/\\\/www.24-7.fr\\\/blog\\\/\"},{\"@type\":\"ListItem\",\"position\":2,\"name\":\"Lib\u00e9rez votre identit\u00e9 graphique : Harmonisez votre image et inspirez confiance !\"}]},{\"@type\":\"WebSite\",\"@id\":\"https:\\\/\\\/www.24-7.fr\\\/blog\\\/#website\",\"url\":\"https:\\\/\\\/www.24-7.fr\\\/blog\\\/\",\"name\":\"Casse-cro\u00fbte digital\",\"description\":\"Le blog mitonn\u00e9 par l\u2019agence web 24-7 pour savourer l\u2019actu web &amp; com\",\"publisher\":{\"@id\":\"https:\\\/\\\/www.24-7.fr\\\/blog\\\/#organization\"},\"potentialAction\":[{\"@type\":\"SearchAction\",\"target\":{\"@type\":\"EntryPoint\",\"urlTemplate\":\"https:\\\/\\\/www.24-7.fr\\\/blog\\\/?s={search_term_string}\"},\"query-input\":{\"@type\":\"PropertyValueSpecification\",\"valueRequired\":true,\"valueName\":\"search_term_string\"}}],\"inLanguage\":\"fr-FR\"},{\"@type\":\"Organization\",\"@id\":\"https:\\\/\\\/www.24-7.fr\\\/blog\\\/#organization\",\"name\":\"24-7\",\"url\":\"https:\\\/\\\/www.24-7.fr\\\/blog\\\/\",\"logo\":{\"@type\":\"ImageObject\",\"inLanguage\":\"fr-FR\",\"@id\":\"https:\\\/\\\/www.24-7.fr\\\/blog\\\/#\\\/schema\\\/logo\\\/image\\\/\",\"url\":\"https:\\\/\\\/www.24-7.fr\\\/blog\\\/wp-content\\\/uploads\\\/2023\\\/04\\\/logo24-7.webp\",\"contentUrl\":\"https:\\\/\\\/www.24-7.fr\\\/blog\\\/wp-content\\\/uploads\\\/2023\\\/04\\\/logo24-7.webp\",\"width\":128,\"height\":63,\"caption\":\"24-7\"},\"image\":{\"@id\":\"https:\\\/\\\/www.24-7.fr\\\/blog\\\/#\\\/schema\\\/logo\\\/image\\\/\"},\"sameAs\":[\"https:\\\/\\\/www.facebook.com\\\/AgenceWeb247\\\/\",\"https:\\\/\\\/www.linkedin.com\\\/company\\\/24-7-agence-web\\\/\"]},{\"@type\":\"Person\",\"@id\":\"https:\\\/\\\/www.24-7.fr\\\/blog\\\/#\\\/schema\\\/person\\\/9439884ad676b6dd8af98225c2447074\",\"name\":\"Isalyne Nivon\"}]}<\/script>\n<!-- \/ Yoast SEO plugin. -->","yoast_head_json":{"title":"Lib\u00e9rez votre identit\u00e9 graphique - Casse-cro\u00fbte digital","description":"24-7, l'agence web \u00e0 Grenoble, vous explique dans cet article comment lib\u00e9rez votre identit\u00e9 graphique et inspirez confiance.","robots":{"index":"index","follow":"follow","max-snippet":"max-snippet:-1","max-image-preview":"max-image-preview:large","max-video-preview":"max-video-preview:-1"},"canonical":"https:\/\/www.24-7.fr\/blog\/liberez-votre-identite-graphique-harmonisez-votre-image-et-inspirez-confiance\/","og_locale":"fr_FR","og_type":"article","og_title":"Lib\u00e9rez votre identit\u00e9 graphique - Casse-cro\u00fbte digital","og_description":"24-7, l'agence web \u00e0 Grenoble, vous explique dans cet article comment lib\u00e9rez votre identit\u00e9 graphique et inspirez confiance.","og_url":"https:\/\/www.24-7.fr\/blog\/liberez-votre-identite-graphique-harmonisez-votre-image-et-inspirez-confiance\/","og_site_name":"Casse-cro\u00fbte digital","article_publisher":"https:\/\/www.facebook.com\/AgenceWeb247\/","article_published_time":"2023-05-24T15:13:51+00:00","article_modified_time":"2024-07-09T08:27:29+00:00","og_image":[{"width":1025,"height":605,"url":"https:\/\/www.24-7.fr\/blog\/wp-content\/uploads\/2023\/05\/echanson-identite-visuelle.png","type":"image\/png"}],"author":"Isalyne Nivon","twitter_card":"summary_large_image","twitter_misc":{"\u00c9crit par":"Isalyne Nivon","Dur\u00e9e de lecture estim\u00e9e":"4 minutes"},"schema":{"@context":"https:\/\/schema.org","@graph":[{"@type":"Article","@id":"https:\/\/www.24-7.fr\/blog\/liberez-votre-identite-graphique-harmonisez-votre-image-et-inspirez-confiance\/#article","isPartOf":{"@id":"https:\/\/www.24-7.fr\/blog\/liberez-votre-identite-graphique-harmonisez-votre-image-et-inspirez-confiance\/"},"author":{"name":"Isalyne Nivon","@id":"https:\/\/www.24-7.fr\/blog\/#\/schema\/person\/9439884ad676b6dd8af98225c2447074"},"headline":"Lib\u00e9rez votre identit\u00e9 graphique : Harmonisez votre image et inspirez confiance !","datePublished":"2023-05-24T15:13:51+00:00","dateModified":"2024-07-09T08:27:29+00:00","mainEntityOfPage":{"@id":"https:\/\/www.24-7.fr\/blog\/liberez-votre-identite-graphique-harmonisez-votre-image-et-inspirez-confiance\/"},"wordCount":1515,"commentCount":0,"publisher":{"@id":"https:\/\/www.24-7.fr\/blog\/#organization"},"image":{"@id":"https:\/\/www.24-7.fr\/blog\/liberez-votre-identite-graphique-harmonisez-votre-image-et-inspirez-confiance\/#primaryimage"},"thumbnailUrl":"https:\/\/www.24-7.fr\/blog\/wp-content\/uploads\/2023\/05\/echanson-identite-visuelle.png","articleSection":["Communication \/ strat\u00e9gie","Graphisme","Non classifi\u00e9(e)"],"inLanguage":"fr-FR","potentialAction":[{"@type":"CommentAction","name":"Comment","target":["https:\/\/www.24-7.fr\/blog\/liberez-votre-identite-graphique-harmonisez-votre-image-et-inspirez-confiance\/#respond"]}]},{"@type":"WebPage","@id":"https:\/\/www.24-7.fr\/blog\/liberez-votre-identite-graphique-harmonisez-votre-image-et-inspirez-confiance\/","url":"https:\/\/www.24-7.fr\/blog\/liberez-votre-identite-graphique-harmonisez-votre-image-et-inspirez-confiance\/","name":"Lib\u00e9rez votre identit\u00e9 graphique - Casse-cro\u00fbte digital","isPartOf":{"@id":"https:\/\/www.24-7.fr\/blog\/#website"},"primaryImageOfPage":{"@id":"https:\/\/www.24-7.fr\/blog\/liberez-votre-identite-graphique-harmonisez-votre-image-et-inspirez-confiance\/#primaryimage"},"image":{"@id":"https:\/\/www.24-7.fr\/blog\/liberez-votre-identite-graphique-harmonisez-votre-image-et-inspirez-confiance\/#primaryimage"},"thumbnailUrl":"https:\/\/www.24-7.fr\/blog\/wp-content\/uploads\/2023\/05\/echanson-identite-visuelle.png","datePublished":"2023-05-24T15:13:51+00:00","dateModified":"2024-07-09T08:27:29+00:00","description":"24-7, l'agence web \u00e0 Grenoble, vous explique dans cet article comment lib\u00e9rez votre identit\u00e9 graphique et inspirez confiance.","breadcrumb":{"@id":"https:\/\/www.24-7.fr\/blog\/liberez-votre-identite-graphique-harmonisez-votre-image-et-inspirez-confiance\/#breadcrumb"},"inLanguage":"fr-FR","potentialAction":[{"@type":"ReadAction","target":["https:\/\/www.24-7.fr\/blog\/liberez-votre-identite-graphique-harmonisez-votre-image-et-inspirez-confiance\/"]}]},{"@type":"ImageObject","inLanguage":"fr-FR","@id":"https:\/\/www.24-7.fr\/blog\/liberez-votre-identite-graphique-harmonisez-votre-image-et-inspirez-confiance\/#primaryimage","url":"https:\/\/www.24-7.fr\/blog\/wp-content\/uploads\/2023\/05\/echanson-identite-visuelle.png","contentUrl":"https:\/\/www.24-7.fr\/blog\/wp-content\/uploads\/2023\/05\/echanson-identite-visuelle.png","width":1025,"height":605,"caption":"L'\u00e9chanson identit\u00e9 visuelle"},{"@type":"BreadcrumbList","@id":"https:\/\/www.24-7.fr\/blog\/liberez-votre-identite-graphique-harmonisez-votre-image-et-inspirez-confiance\/#breadcrumb","itemListElement":[{"@type":"ListItem","position":1,"name":"Accueil","item":"https:\/\/www.24-7.fr\/blog\/"},{"@type":"ListItem","position":2,"name":"Lib\u00e9rez votre identit\u00e9 graphique : Harmonisez votre image et inspirez confiance !"}]},{"@type":"WebSite","@id":"https:\/\/www.24-7.fr\/blog\/#website","url":"https:\/\/www.24-7.fr\/blog\/","name":"Casse-cro\u00fbte digital","description":"Le blog mitonn\u00e9 par l\u2019agence web 24-7 pour savourer l\u2019actu web &amp; com","publisher":{"@id":"https:\/\/www.24-7.fr\/blog\/#organization"},"potentialAction":[{"@type":"SearchAction","target":{"@type":"EntryPoint","urlTemplate":"https:\/\/www.24-7.fr\/blog\/?s={search_term_string}"},"query-input":{"@type":"PropertyValueSpecification","valueRequired":true,"valueName":"search_term_string"}}],"inLanguage":"fr-FR"},{"@type":"Organization","@id":"https:\/\/www.24-7.fr\/blog\/#organization","name":"24-7","url":"https:\/\/www.24-7.fr\/blog\/","logo":{"@type":"ImageObject","inLanguage":"fr-FR","@id":"https:\/\/www.24-7.fr\/blog\/#\/schema\/logo\/image\/","url":"https:\/\/www.24-7.fr\/blog\/wp-content\/uploads\/2023\/04\/logo24-7.webp","contentUrl":"https:\/\/www.24-7.fr\/blog\/wp-content\/uploads\/2023\/04\/logo24-7.webp","width":128,"height":63,"caption":"24-7"},"image":{"@id":"https:\/\/www.24-7.fr\/blog\/#\/schema\/logo\/image\/"},"sameAs":["https:\/\/www.facebook.com\/AgenceWeb247\/","https:\/\/www.linkedin.com\/company\/24-7-agence-web\/"]},{"@type":"Person","@id":"https:\/\/www.24-7.fr\/blog\/#\/schema\/person\/9439884ad676b6dd8af98225c2447074","name":"Isalyne Nivon"}]}},"_links":{"self":[{"href":"https:\/\/www.24-7.fr\/blog\/wp-json\/wp\/v2\/posts\/3389","targetHints":{"allow":["GET"]}}],"collection":[{"href":"https:\/\/www.24-7.fr\/blog\/wp-json\/wp\/v2\/posts"}],"about":[{"href":"https:\/\/www.24-7.fr\/blog\/wp-json\/wp\/v2\/types\/post"}],"author":[{"embeddable":true,"href":"https:\/\/www.24-7.fr\/blog\/wp-json\/wp\/v2\/users\/12"}],"replies":[{"embeddable":true,"href":"https:\/\/www.24-7.fr\/blog\/wp-json\/wp\/v2\/comments?post=3389"}],"version-history":[{"count":30,"href":"https:\/\/www.24-7.fr\/blog\/wp-json\/wp\/v2\/posts\/3389\/revisions"}],"predecessor-version":[{"id":4346,"href":"https:\/\/www.24-7.fr\/blog\/wp-json\/wp\/v2\/posts\/3389\/revisions\/4346"}],"wp:featuredmedia":[{"embeddable":true,"href":"https:\/\/www.24-7.fr\/blog\/wp-json\/wp\/v2\/media\/3404"}],"wp:attachment":[{"href":"https:\/\/www.24-7.fr\/blog\/wp-json\/wp\/v2\/media?parent=3389"}],"wp:term":[{"taxonomy":"category","embeddable":true,"href":"https:\/\/www.24-7.fr\/blog\/wp-json\/wp\/v2\/categories?post=3389"},{"taxonomy":"post_tag","embeddable":true,"href":"https:\/\/www.24-7.fr\/blog\/wp-json\/wp\/v2\/tags?post=3389"}],"curies":[{"name":"wp","href":"https:\/\/api.w.org\/{rel}","templated":true}]}}